[{"@context":"https:\/\/schema.org\/","@type":"Article","@id":"https:\/\/www.cajovinka.cz\/v-cechach-i-na-morave-je-blaze\/#Article","mainEntityOfPage":"https:\/\/www.cajovinka.cz\/v-cechach-i-na-morave-je-blaze\/","headline":"V \u010cech\u00e1ch i na Morav\u011b je blaze","name":"V \u010cech\u00e1ch i na Morav\u011b je blaze","description":"V \u010desk\u00e9 n\u00e1rodn\u00ed povaze je neust\u00e1l\u00e9 st\u011b\u017eov\u00e1n\u00ed, dokonce jsme zv\u00edt\u011bzili v jedn\u00e9 anket\u011b jako nejv\u011bt\u0161\u00ed [&hellip;]","datePublished":"2018-09-10","dateModified":"2023-05-01","author":{"@type":"Person","@id":"https:\/\/www.cajovinka.cz\/author\/devene\/#Person","name":"devene","url":"https:\/\/www.cajovinka.cz\/author\/devene\/","identifier":1,"image":{"@type":"ImageObject","@id":"https:\/\/secure.gravatar.com\/avatar\/9478c3014fb8763e2a18691ad6bf83eff86429738afad80df8227ac472865e36?s=96&d=mm&r=g","url":"https:\/\/secure.gravatar.com\/avatar\/9478c3014fb8763e2a18691ad6bf83eff86429738afad80df8227ac472865e36?s=96&d=mm&r=g","height":96,"width":96}},"publisher":{"@type":"Organization","name":"cajovinka.cz","logo":{"@type":"ImageObject","@id":"\/logo.png","url":"\/logo.png","width":600,"height":60}},"image":{"@type":"ImageObject","@id":"https:\/\/www.cajovinka.cz\/wp-content\/uploads\/img_a325807_w2408_t1537952178.jpg","url":"https:\/\/www.cajovinka.cz\/wp-content\/uploads\/img_a325807_w2408_t1537952178.jpg","height":0,"width":0},"url":"https:\/\/www.cajovinka.cz\/v-cechach-i-na-morave-je-blaze\/","wordCount":421,"articleBody":" V \u010desk\u00e9 n\u00e1rodn\u00ed povaze je neust\u00e1l\u00e9 st\u011b\u017eov\u00e1n\u00ed, dokonce jsme zv\u00edt\u011bzili v jedn\u00e9 anket\u011b jako nejv\u011bt\u0161\u00ed st\u011b\u017eovatel\u00e9 sv\u011bta. P\u0159esto je dobr\u00e9 uv\u011bdomit si, \u017ee st\u011b\u017eovat si a b\u00fdt ne\u0161\u0165astn\u00fd jsou dv\u011b rozd\u00edln\u00e9 v\u011bci. St\u011b\u017eujme si klidn\u011b d\u00e1l, ale v\u011bzme, jak dob\u0159e se m\u00e1me.  V\u00fdborn\u00e1 ekonomick\u00e1 situace Ekonomika st\u00e1le roste. Platy, a\u010d ve srovn\u00e1n\u00ed se z\u00e1padn\u00ed Evropou st\u00e1le n\u00edzk\u00e9, se zvy\u0161uj\u00ed, a to i re\u00e1ln\u011b, tedy oproti m\u00ed\u0159e inflace. Nen\u00ed u n\u00e1s p\u0159ehnan\u011b draho, v\u0161e je dostupn\u00e9. M\u00e1me jedny z nejmen\u0161\u00edch soci\u00e1ln\u00edch rozd\u00edl\u016f na sv\u011bt\u011b, tedy lid\u00e9 s nejni\u017e\u0161\u00edmi p\u0159\u00edjmy, kte\u0159\u00ed jsou ohro\u017een\u00ed chudobou, jsou ve srovn\u00e1n\u00ed se zbytkem sv\u011bta mal\u00e1 skupina. V\u00fdborn\u00fd syst\u00e9m ve\u0159ejn\u00e9 dopravy Nezd\u00e1 se to, st\u00e1le nem\u00e1me rychl\u00e9 vlaky, MHD \u010dasto nen\u00ed klimatizov\u00e1na, p\u0159esto je na\u0161e s\u00ed\u0165 MHD jedna z nejlep\u0161\u00edch na sv\u011bt\u011b. Doprava obvykle jezd\u00ed \u010dasto, pom\u011brn\u011b p\u0159esn\u011b, kapacitn\u011b pokryje v\u0161e, co m\u00e1, m\u00e1lokdy se n\u011bkdo dovnit\u0159 nevejde. M\u00e1me IDOS, kter\u00fd n\u00e1m v\u0161e a snadno vyhled\u00e1, ten takt\u00e9\u017e nem\u00e1 moc podobn\u011b kvalitn\u00edch obdob.  Zdravotn\u00ed syst\u00e9m Syst\u00e9m zdravotnictv\u00ed se pot\u00fdk\u00e1 s nedostatkem l\u00e9ka\u0159\u016f, nedostate\u010dn\u00fdmi platy, s nedostatkem sester. V\u0161echno to jsou probl\u00e9my, kter\u00e9 je t\u0159eba urgentn\u011b \u0159e\u0161it. P\u0159es to v\u0161echno jsou ale l\u00e9ka\u0159i srdca\u0159i a v\u011bnuj\u00ed se pacient\u016fm ze v\u0161ech sil. \u00darove\u0148 dostupn\u00fdch technologi\u00ed a metod je tak\u00e9 na vysok\u00e9 \u00farovni, m\u00e1lokter\u00e9 onemocn\u011bn\u00ed l\u00e9\u010d\u00ed jinde l\u00e9pe ne\u017e u n\u00e1s. Nav\u00edc je l\u00e9ka\u0159sk\u00e1 p\u00e9\u010de pov\u011bt\u0161inou zdarma, tedy placen\u00e1 z dan\u00ed, ale univerz\u00e1ln\u011b dostupn\u00e1, o \u010dem\u017e si mnoz\u00ed nap\u0159\u00edklad v Americe m\u016f\u017eou jen nechat zd\u00e1t. P\u0159\u00edroda, hory, kopce, lesy roviny Jen si vybavte, kde jinde je tak n\u00e1dhern\u00e1 p\u0159\u00edroda, jako u n\u00e1s. Na mali\u010dk\u00e9m \u00fazem\u00ed na\u0161eho st\u00e1te\u010dku lze nal\u00e9zt v\u0161e \u2013 sk\u00e1ly, hory, lesy listnat\u00e9 i jehli\u010dnat\u00e9, kraje drsn\u00e9 i od pohled\u016f p\u0159\u00edv\u011btiv\u00e9. Dokonce m\u00e1me i n\u011bkolik klimatick\u00fdch p\u00e1sem. Nav\u00edc na\u0161e s\u00ed\u0165 turistick\u00fdch tras pat\u0159\u00ed mezi nejlep\u0161\u00ed na sv\u011bt\u011b. A \u010dlov\u011bk \u017eij\u00edc\u00ed ve spojen\u00ed s p\u0159\u00edrodou je \u010dlov\u011bk \u0161\u0165astn\u00fd.                                                                                                                                                                                                                                                                                                                                                                                                 "},{"@context":"https:\/\/schema.org\/","@type":"BreadcrumbList","itemListElement":[{"@type":"ListItem","position":1,"name":"V \u010cech\u00e1ch i na Morav\u011b je blaze","item":"https:\/\/www.cajovinka.cz\/v-cechach-i-na-morave-je-blaze\/#breadcrumbitem"}]}]